{"id":88,"date":"2019-05-28T09:19:56","date_gmt":"2019-05-28T09:19:56","guid":{"rendered":"https:\/\/longevite.fr\/?p=88"},"modified":"2019-05-28T09:19:56","modified_gmt":"2019-05-28T09:19:56","slug":"et-la-presbytie","status":"publish","type":"post","link":"https:\/\/longevite.fr\/?p=88","title":{"rendered":"Et la presbytie?"},"content":{"rendered":"<p>Le r\u00e9cent rapport MMWR rapporte que les limitations fonctionnelles dues au d\u00e9clin cognitif sont trois fois plus fr\u00e9quentes chez les adultes ayant une d\u00e9ficience visuelle.<\/p>\n<p>Des travaux r\u00e9cents ont \u00e9galement \u00e9voqu\u00e9 l&rsquo;existence de maladies r\u00e9tiniennes comme un biomarqueur possible de la d\u00e9mence;<\/p>\n<p>Tenter de pr\u00e9venir ou traiter les d\u00e9ficits visuels pourrait contribuer \u00e0 r\u00e9duire les troubles cognitifs dits \u00ab\u00a0li\u00e9s \u00e0 l&rsquo;\u00e2ge\u00a0\u00bb.<\/p>\n<p>Cela dit, quant est-il du d\u00e9ficit visuel de loin le plus fr\u00e9quent avec l&rsquo;\u00e2ge, la presbytie ? Sa correction m\u00e9canique (loupes, verres progressifs&#8230;) , si tent\u00e9 qu&rsquo;elle soit satisfaisante, influe-t&rsquo;elle sur l&rsquo;\u00e9volution de notre cognition ?<\/p>\n<p>Vision Impairment and Subjective Cognitive Decline\u2013Related Functional Limitations \u2014 United States, 2015\u20132017 Weekly\u00a0\/ May 24, 2019 \/ 68(20);453\u2013457<\/p>\n<p><a href=\"https:\/\/www.cdc.gov\/mmwr\/volumes\/68\/wr\/mm6820a2.htm?s_cid=mm6820a2_w\">https:\/\/www.cdc.gov\/mmwr\/volumes\/68\/wr\/mm6820a2.htm?s_cid=mm6820a2_w<\/a><\/p>\n","protected":false},"excerpt":{"rendered":"<p>Le r\u00e9cent rapport MMWR rapporte que les limitations fonctionnelles dues au d\u00e9clin cognitif sont trois fois plus fr\u00e9quentes chez les adultes ayant une d\u00e9ficience visuelle. Des travaux r\u00e9cents ont \u00e9galement \u00e9voqu\u00e9 l&rsquo;existence de maladies r\u00e9tiniennes comme un biomarqueur possible de la d\u00e9mence; Tenter de pr\u00e9venir ou traiter les d\u00e9ficits visuels pourrait contribuer \u00e0 r\u00e9duire les [&hellip;]<\/p>\n","protected":false},"author":1,"featured_media":0,"comment_status":"open","ping_status":"open","sticky":false,"template":"","format":"standard","meta":{"footnotes":""},"categories":[4],"tags":[31,44],"class_list":["post-88","post","type-post","status-publish","format-standard","hentry","category-demence","tag-lunettes","tag-vision"],"_links":{"self":[{"href":"https:\/\/longevite.fr\/index.php?rest_route=\/wp\/v2\/posts\/88","targetHints":{"allow":["GET"]}}],"collection":[{"href":"https:\/\/longevite.fr\/index.php?rest_route=\/wp\/v2\/posts"}],"about":[{"href":"https:\/\/longevite.fr\/index.php?rest_route=\/wp\/v2\/types\/post"}],"author":[{"embeddable":true,"href":"https:\/\/longevite.fr\/index.php?rest_route=\/wp\/v2\/users\/1"}],"replies":[{"embeddable":true,"href":"https:\/\/longevite.fr\/index.php?rest_route=%2Fwp%2Fv2%2Fcomments&post=88"}],"version-history":[{"count":0,"href":"https:\/\/longevite.fr\/index.php?rest_route=\/wp\/v2\/posts\/88\/revisions"}],"wp:attachment":[{"href":"https:\/\/longevite.fr\/index.php?rest_route=%2Fwp%2Fv2%2Fmedia&parent=88"}],"wp:term":[{"taxonomy":"category","embeddable":true,"href":"https:\/\/longevite.fr\/index.php?rest_route=%2Fwp%2Fv2%2Fcategories&post=88"},{"taxonomy":"post_tag","embeddable":true,"href":"https:\/\/longevite.fr\/index.php?rest_route=%2Fwp%2Fv2%2Ftags&post=88"}],"curies":[{"name":"wp","href":"https:\/\/api.w.org\/{rel}","templated":true}]}}